[{"title":"Yhteentoimivuus perustuu yhteisiin standardeihin, ei yhteen j\u00e4rjestelm\u00e4\u00e4n","created_export":"2026-09-01T10:35:26+0300","type_export":"Blogi","view_node":"https:\/\/gs1.fi\/fi\/ajankohtaista\/blogit\/yhteentoimivuus-perustuu-yhteisiin-standardeihin-ei-yhteen-jarjestelmaan"},{"title":"Purkkapaketin pakkausdatan yhteinen kieli \u2013 mit\u00e4 standardit mahdollistavat? ","created_export":"2026-08-31T09:01:49+0300","type_export":"Blogi","view_node":"https:\/\/gs1.fi\/fi\/ajankohtaista\/blogit\/purkkapaketin-pakkausdatan-yhteinen-kieli-mita-standardit-mahdollistavat"},{"title":"Valmistuneessa kehitysprojektissa luotiin perustaa yhteentoimivalle pakkausdatalle","created_export":"2026-08-27T08:30:00+0300","type_export":"Uutinen","view_node":"https:\/\/gs1.fi\/fi\/uutiset\/valmistuneessa-kehitysprojektissa-luotiin-perustaa-yhteentoimivalle-pakkausdatalle"},{"title":"Miksi ruokaketju tarvitsee yhteisen tavan yksil\u00f6id\u00e4 toimitusketjun toimijat ja sijainnit?","created_export":"2026-08-26T08:16:57+0300","type_export":"Blogi","view_node":"https:\/\/gs1.fi\/fi\/ajankohtaista\/blogit\/miksi-ruokaketju-tarvitsee-yhteisen-tavan-yksiloida-toimitusketjun-toimijat-ja"},{"title":"Tanja Virtanen-Lepp\u00e4 vahvistamaan GS1 Finlandin pakkaustiedon kehityst\u00e4","created_export":"2026-08-24T10:00:16+0300","type_export":"Uutinen","view_node":"https:\/\/gs1.fi\/fi\/uutiset\/tanja-virtanen-leppa-vahvistamaan-gs1-finlandin-pakkaustiedon-kehitysta"},{"title":"EU avasi digitaalisten tuotepassien rekisterin \u2013 avoimet standardit tukevat k\u00e4ytt\u00f6\u00f6nottoa","created_export":"2026-08-12T12:38:00+0300","type_export":"Uutinen","view_node":"https:\/\/gs1.fi\/fi\/uutiset\/eu-avasi-digitaalisten-tuotepassien-rekisterin-avoimet-standardit-tukevat-kayttoonottoa"},{"title":"Infowebinaari: GS1 Data - uusi palvelu tuotetiedon hallintaan integraatioasiakkaille","created_export":"2026-08-12T09:36:58+0300","type_export":"Tapahtuma","view_node":"https:\/\/gs1.fi\/fi\/tapahtumat\/infowebinaari-gs1-data-uusi-palvelu-tuotetiedon-hallintaan-integraatioasiakkaille"},{"title":"J\u00e4ljitett\u00e4vyysvaatimukset tarkentuvat \u2013 ratkaisut eiv\u00e4t voi pys\u00e4hty\u00e4 markkinarajoille ","created_export":"2026-08-06T13:03:25+0300","type_export":"Blogi","view_node":"https:\/\/gs1.fi\/fi\/ajankohtaista\/blogit\/jaljitettavyysvaatimukset-tarkentuvat-ratkaisut-eivat-voi-pysahtya"},{"title":"GS1 2D-koodi ja viivakoodilukijat \u2013 mit\u00e4 uusi viivakoodityyppi tarkoittaa skannereille","created_export":"2026-08-03T09:37:53+0300","type_export":"Blogi","view_node":"https:\/\/gs1.fi\/fi\/ajankohtaista\/blogit\/gs1-2d-koodi-ja-viivakoodilukijat-mita-uusi-viivakoodityyppi-tarkoittaa"},{"title":"GS1 2D-koodi ja kuluttajasis\u00e4lt\u00f6 \u2013 miten ohjaus verkkoon kannattaa toteuttaa","created_export":"2026-07-02T14:14:10+0300","type_export":"Blogi","view_node":"https:\/\/gs1.fi\/fi\/ajankohtaista\/blogit\/gs1-2d-koodi-ja-kuluttajasisalto-miten-ohjaus-verkkoon-kannattaa-toteuttaa"}]