[{"title":"GS1-standardien avulla el\u00e4inten hyvinvointitieto kuluttajan saataville","created_export":"2026-04-07T07:37:17+0300","type_export":"Uutinen","view_node":"https:\/\/gs1.fi\/fi\/uutiset\/gs1-standardien-avulla-elainten-hyvinvointitieto-kuluttajan-saataville"},{"title":"Datan laatu ratkaisee sen, kuinka hyvi\u00e4 teko\u00e4lysovelluksia pystymme rakentamaan \u2013 \u201cT\u00e4m\u00e4 on sellainen peliliike, mink\u00e4 kuka tahansa toimija pystyy tekem\u00e4\u00e4n jo nyt\u201d","created_export":"2026-03-27T11:08:42+0200","type_export":"Uutinen","view_node":"https:\/\/gs1.fi\/fi\/uutiset\/datan-laatu-ratkaisee-sen-kuinka-hyvia-tekoalysovelluksia-pystymme-rakentamaan-tama"},{"title":"ETL ja GS1: Rakennetaan Euroopan ruoka-alan datayhteisty\u00f6 k\u00e4yt\u00f6ss\u00e4 oleville standardeille","created_export":"2026-03-16T09:00:00+0200","type_export":"Uutinen","view_node":"https:\/\/gs1.fi\/fi\/uutiset\/etl-ja-gs1-rakennetaan-euroopan-ruoka-alan-datayhteistyo-kaytossa-oleville-standardeille"},{"title":"Tutkimus: Todennettu el\u00e4inten hyvinvointitieto voi vahvistaa suomalaisten elintarvikkeiden kilpailukyky\u00e4","created_export":"2026-03-12T08:09:36+0200","type_export":"Uutinen","view_node":"https:\/\/gs1.fi\/fi\/uutiset\/tutkimus-todennettu-elainten-hyvinvointitieto-voi-vahvistaa-suomalaisten-elintarvikkeiden"},{"title":"Ruokavirasto, ETL ja GS1 Finland: Lains\u00e4\u00e4d\u00e4nn\u00f6n valmistelussa on huomioitava datatarpeet","created_export":"2026-02-12T14:46:04+0200","type_export":"Uutinen","view_node":"https:\/\/gs1.fi\/fi\/uutiset\/ruokavirasto-etl-ja-gs1-finland-lainsaadannon-valmistelussa-huomioitava-datatarpeet"},{"title":"GS1 k\u00e4ynnist\u00e4\u00e4 pakkausmateriaalitietojen tietomallin kehityksen ","created_export":"2026-02-05T10:09:02+0200","type_export":"Uutinen","view_node":"https:\/\/gs1.fi\/fi\/uutiset\/gs1-kaynnistaa-pakkausmateriaalitietojen-tietomallin-kehityksen"},{"title":"Pakkausyhdistyksen toimitusjohtaja n\u00e4kee standardit ainoana j\u00e4rkev\u00e4n\u00e4 mahdollisuutena edist\u00e4\u00e4 kest\u00e4v\u00e4\u00e4 tulevaisuutta","created_export":"2026-02-02T09:22:09+0200","type_export":"Uutinen","view_node":"https:\/\/gs1.fi\/fi\/uutiset\/pakkausyhdistyksen-toimitusjohtaja-nakee-standardit-ainoana-jarkevana-mahdollisuutena"},{"title":"Uusi Ahveniston sairaala kurottaa GS1-standardien avulla kohti pitk\u00e4kestoisempaa ja laajamittaisempaa toimintamallia","created_export":"2026-01-22T08:57:38+0200","type_export":"Uutinen","view_node":"https:\/\/gs1.fi\/fi\/uutiset\/uusi-ahveniston-sairaala-kurottaa-gs1-standardien-avulla-kohti-pitkakestoisempaa-ja"},{"title":"Raaka-aineiden yksil\u00f6innille ja perustiedoille laadittiin yhteinen malli","created_export":"2026-01-19T09:54:56+0200","type_export":"Uutinen","view_node":"https:\/\/gs1.fi\/fi\/uutiset\/raaka-aineiden-yksiloinnille-ja-perustiedoille-laadittiin-yhteinen-malli"},{"title":"Tuemme jouluna 2025 ty\u00f6t\u00e4 kotimaan lasten hyv\u00e4ksi","created_export":"2025-12-15T14:53:51+0200","type_export":"Uutinen","view_node":"https:\/\/gs1.fi\/fi\/uutiset\/tuemme-jouluna-2025-tyota-kotimaan-lasten-hyvaksi"}]